{"id":11211,"date":"2023-05-26T09:27:35","date_gmt":"2023-05-26T07:27:35","guid":{"rendered":"https:\/\/fahazak.lemonfa.hu\/?p=11211"},"modified":"2023-06-12T08:57:09","modified_gmt":"2023-06-12T06:57:09","slug":"co-je-to-zahradny-domcek","status":"publish","type":"post","link":"https:\/\/fahazak.lemonfa.hu\/hu\/co-je-to-zahradny-domcek\/","title":{"rendered":"Mi az a kertes h\u00e1z?"},"content":{"rendered":"<p>Ha keresi a m\u00f3dj\u00e1t, hogy jav\u00edtsa kertj\u00e9t,&nbsp;<strong>kertes h\u00e1z<\/strong>&nbsp;nagyszer\u0171 megold\u00e1s lehet. Egy kertes h\u00e1z t\u00f6bb helyet biztos\u00edt a pihen\u00e9shez \u00e9s a kikapcsol\u00f3d\u00e1shoz, valamint a munk\u00e1hoz \u00e9s a sz\u00f3rakoz\u00e1shoz. K\u00f6nnyen a tulajdonos ig\u00e9nyeihez igaz\u00edthat\u00f3, \u00e9s nagyszer\u0171 hely lehet a csal\u00e1di \u00f6sszej\u00f6vetelek, bar\u00e1ti grillpartik k\u00e9nyelmes k\u00f6rnyezet\u00e9nek megteremt\u00e9s\u00e9hez, vagy ak\u00e1r dolgoz\u00f3szobak\u00e9nt is haszn\u00e1lhat\u00f3.&nbsp;<strong>Kerti h\u00e1zak<\/strong>&nbsp;k\u00f6nnyen beszerezhet\u0151k, \u00e9s t\u00f6bbf\u00e9le m\u00e9retben \u00e9s st\u00edlusban kaphat\u00f3k, \u00edgy k\u00f6nnyen tal\u00e1lhatsz olyat, amely b\u00e1rmilyen kerthelyis\u00e9ghez illeszkedik.<\/p>\n\n\n<div class=\"wp-block-image\">\n<figure class=\"alignleft size-full\"><img decoding=\"async\" loading=\"lazy\" width=\"300\" height=\"225\" src=\"https:\/\/fahazak.lemonfa.hu\/wp-content\/uploads\/2023\/06\/belo-1-300x225-1.jpg\" alt=\"z\u00e1hradn\u00fd dom\u010dek Belo\" class=\"wp-image-12234\" title=\"kerti h\u00e1z 10 ok arra, hogy f\u00e1b\u00f3l k\u00e9sz\u00fclt kerti h\u00e1zat vegyen 1\" srcset=\"https:\/\/fahazak.lemonfa.hu\/wp-content\/uploads\/2023\/06\/belo-1-300x225-1.jpg 300w, https:\/\/fahazak.lemonfa.hu\/wp-content\/uploads\/2023\/06\/belo-1-300x225-1-150x113.jpg 150w\" sizes=\"(max-width: 300px) 100vw, 300px\" \/><\/figure><\/div>\n\n\n<p>Tervez\u00e9s&nbsp;<strong>kertes h\u00e1z<\/strong>&nbsp;elt\u00e9r\u0151ek lehetnek. K\u00e9sz\u00fclhetnek f\u00e9mlemezb\u0151l vagy f\u00e1b\u00f3l, k\u00fcl\u00f6nb\u00f6z\u0151 t\u00edpus\u00fa fel\u00fcletekkel \u00e9s sz\u00ednekkel. N\u00e9melyik\u00fck r\u00e1ad\u00e1sul olyan extra funkci\u00f3kkal van felszerelve, mint a l\u00e9gkondicion\u00e1l\u00f3, a f\u0171t\u00e9s, a telev\u00edzi\u00f3 \u00e9s m\u00e9g sok m\u00e1s. Ha szeretne egy olyan helyet kialak\u00edtani, ahol pihenhet, k\u00e9nyelmesen&nbsp;<strong>kertes h\u00e1z<\/strong>&nbsp;kiv\u00e1l\u00f3 v\u00e1laszt\u00e1s.<\/p>\n\n\n\n<p>Mivel ezek&nbsp;<strong>kertes h\u00e1zak<\/strong>&nbsp;k\u00f6nnyen el\u00e9rhet\u0151, k\u00f6nny\u0171 megtal\u00e1lni azt, amelyik illik az \u00d6n kertj\u00e9be. A leggyakrabban haszn\u00e1lt anyagok&nbsp;<strong>kertes h\u00e1zak<\/strong>&nbsp;a&nbsp;<strong>fa<\/strong>, f\u00e9mlemez \u00e9s m\u0171anyag.&nbsp;<strong>Fa<\/strong>&nbsp;gyakori v\u00e1laszt\u00e1s a&nbsp;<strong>kertes h\u00e1zak<\/strong>mert tart\u00f3s \u00e9s term\u00e9szetes megjelen\u00e9st k\u00f6lcs\u00f6n\u00f6z a kertnek. A f\u00e9m kerti h\u00e1zak megfizethet\u0151ek, de gyakran kev\u00e9sb\u00e9 tart\u00f3sak is. A m\u0171anyag kerti h\u00e1zak k\u00f6nny\u0171ek \u00e9s k\u00f6nnyen tiszt\u00edthat\u00f3k, de nem olyan tart\u00f3sak, mint m\u00e1s anyagok.<\/p>\n\n\n\n<p>Telep\u00edt\u00e9s&nbsp;<strong>kertes h\u00e1z<\/strong>&nbsp;nagyon egyszer\u0171, \u00e9s \u00e1ltal\u00e1ban csak n\u00e9h\u00e1ny \u00f3r\u00e1t vesz ig\u00e9nybe. Ha szeretn\u00e9, megrendelheti az egyik&nbsp;<a href=\"https:\/\/fahazak.lemonfa.hu\/hu\/\"><strong>a k\u00edn\u00e1lat sz\u00e9les sk\u00e1l\u00e1ja<\/strong><\/a>&nbsp;\u00e9s ez m\u00e1r az\u00f3ta tart.&nbsp;<strong>1999 \u20ac<\/strong><\/p>\n\n\n<div class=\"wp-block-image\">\n<figure class=\"alignleft\"><img decoding=\"async\" src=\"https:\/\/fahazak.lemonfa.hu\/wp-content\/uploads\/2021\/03\/boris4-300x199.jpg\" alt=\"Z\u00e1hradn\u00fd dom\u010dek s pr\u00edstre\u0161kom a hojdac\u00edmi kreslami\" class=\"wp-image-1323\" title=\"Kerti h\u00e1z 10 ok arra, hogy f\u00e1b\u00f3l k\u00e9sz\u00fclt kerti h\u00e1zat vegyen 2\"\/><\/figure><\/div>\n\n\n<p><strong>Kerti h\u00e1z<\/strong>&nbsp;nagyszer\u0171 m\u00f3dja annak, hogy \u00e9lvezze a pihen\u00e9s \u00e9s a kikapcsol\u00f3d\u00e1s pillanatait a kertben vagy a teraszon. Ezek kis, csinos szerkezetek, amelyeket k\u00f6nny\u0171 megtal\u00e1lni \u00e9s k\u00f6nnyen \u00f6sszeszerelni.&nbsp;<strong>Kerti h\u00e1z<\/strong>&nbsp;helyet biztos\u00edt a pihen\u00e9sre \u00e9s a kikapcsol\u00f3d\u00e1sra. \u00cdgy id\u0151t t\u00f6lthet a szabadban, \u00e9s gy\u00f6ny\u00f6rk\u00f6dhet a kert sz\u00e9ps\u00e9g\u00e9ben.<\/p>\n\n\n\n<p>Mert&nbsp;<strong>kertes h\u00e1zak<\/strong>&nbsp;f\u00e1b\u00f3l k\u00e9sz\u00fclnek, k\u00fcl\u00f6nb\u00f6z\u0151 dekor\u00e1ci\u00f3s elemekkel, p\u00e9ld\u00e1ul f\u00fcgg\u00f6ny\u00f6kkel, drap\u00e9ri\u00e1kkal vagy f\u00fcgg\u0151 k\u00e9pekkel d\u00edsz\u00edthet\u0151k.&nbsp;<strong>Kerti h\u00e1zak<\/strong>&nbsp;gyakran rendelkeznek ablakokkal, amelyek f\u00e9nyt \u00e9s kil\u00e1t\u00e1st biztos\u00edtanak a kertre. Ezeket ak\u00e1r k\u00fclt\u00e9ri b\u00fatorokkal is berendezheti, hogy a szabadban t\u00f6lthesse az idej\u00e9t.<\/p>\n\n\n\n<p><strong>Kerti h\u00e1zak<\/strong>&nbsp;nagyon n\u00e9pszer\u0171ek csal\u00e1di \u00fcnneps\u00e9gek, p\u00e9ld\u00e1ul sz\u00fclet\u00e9snapok, grillez\u00e9sek \u00e9s egy\u00e9b rendezv\u00e9nyek alkalm\u00e1val. Helyet biztos\u00edtanak minden vend\u00e9gnek \u00e9s k\u00e9nyelmes k\u00f6rnyezetet az \u00f6sszej\u00f6vetelekhez.<\/p>\n\n\n\n<p><strong>Kerti h\u00e1z<\/strong>&nbsp;nagyszer\u0171 v\u00e1laszt\u00e1s azok sz\u00e1m\u00e1ra, akik k\u00e9nyelmes \u00e9s sz\u00e9p helyet szeretn\u00e9nek a szabadban t\u00f6lteni az idej\u00fcket. Csod\u00e1latos m\u00f3dja annak, hogy a kertben h\u00f3doljon a pihen\u00e9snek \u00e9s a kikapcsol\u00f3d\u00e1snak.<\/p>\n\n\n\n<p>Hozzon l\u00e9tre saj\u00e1tot&nbsp;<strong>kertes h\u00e1z<\/strong>&nbsp;\u00e9s t\u00f6lts\u00f6n felejthetetlen pillanatokat a kertj\u00e9ben!&nbsp;<strong>Kerti h\u00e1zak<\/strong>&nbsp;ide\u00e1lis megold\u00e1st jelentenek a kellemes kikapcsol\u00f3d\u00e1shoz a kertben. Szolg\u00e1lhatnak pihen\u0151helyk\u00e9nt, szersz\u00e1mok sz\u00e1m\u00e1ra mened\u00e9kk\u00e9nt vagy a bar\u00e1tokkal val\u00f3 kellemes id\u0151t\u00f6lt\u00e9s helysz\u00edn\u00e9\u00fcl.<\/p>\n\n\n\n<p>Kiv\u00e1laszt\u00e1s&nbsp;<strong>kertes h\u00e1z<\/strong>&nbsp;Term\u00e9szetesen att\u00f3l f\u00fcgg, hogy milyen c\u00e9lra akarja haszn\u00e1lni. Ha funkcion\u00e1lis \u00e9s tart\u00f3s megold\u00e1st keres az ideiglenes \u00e9lethez, fontolja meg egy min\u0151s\u00e9gi f\u00e1b\u00f3l k\u00e9sz\u00fclt fah\u00e1z haszn\u00e1lat\u00e1t. Ezek massz\u00edv konstrukci\u00f3val rendelkeznek, amely biztos\u00edtja a sz\u00fcks\u00e9ges v\u00e9delmet a napf\u00e9nyt\u0151l \u00e9s az es\u0151t\u0151l. Sok kerti kunyh\u00f3 szell\u0151z\u0151ny\u00edl\u00e1sokkal is rendelkezik a jobb l\u00e9gkering\u00e9s \u00e9rdek\u00e9ben, \u00e9s sok m\u00e1s fejleszt\u00e9snek is helyet ad.<\/p>\n\n\n\n<p>Ha a kertes h\u00e1z csak ideiglenesnek sz\u00e1nja, ahelyett, hogy beruh\u00e1zna a&nbsp;<strong>f\u00e1b\u00f3l k\u00e9sz\u00fclt kerti h\u00e1z<\/strong>, kaphat m\u0171anyagb\u00f3l vagy f\u00e9mb\u0151l k\u00e9sz\u00fclt kerti h\u00e1zat. Ezek a kerti h\u00e1zak azonban sokkal r\u00f6videbb \u00e9lettartam\u00faak, mint egy f\u00e1b\u00f3l k\u00e9sz\u00fclt h\u00e1z.<\/p>\n\n\n<div class=\"wp-block-image\">\n<figure class=\"alignleft\"><img decoding=\"async\" src=\"https:\/\/fahazak.lemonfa.hu\/wp-content\/uploads\/2023\/03\/barbora-1-300x225.jpg\" alt=\"biely dreven\u00fd z\u00e1hradn\u00fd dom\u010dek dvojposchodov\u00fd\" class=\"wp-image-10829\" title=\"kerti h\u00e1z 10 ok arra, hogy f\u00e1b\u00f3l k\u00e9sz\u00fclt kerti h\u00e1zat kapjon 3\"\/><\/figure><\/div>\n\n\n<p>Ha \u00d6n ig\u00e9nyesebb, akkor v\u00e1laszthat a k\u00fcl\u00f6nb\u00f6z\u0151 t\u00edpus\u00fa&nbsp;<strong>kertes h\u00e1z<\/strong>&nbsp;sz\u00e1mos tov\u00e1bbi funkci\u00f3val. Sokan k\u00f6z\u00fcl\u00fck ak\u00e1r t\u00f6bb szob\u00e1val, \u00f6sszecsukhat\u00f3 \u00e1gyakkal, asztallal \u00e9s ak\u00e1r terasszal is rendelkeznek.<\/p>\n\n\n\n<p>V\u00e1lassza ki a  c\u00edmet.&nbsp;<strong>kertes h\u00e1z<\/strong>amely megfelel az \u00d6n ig\u00e9nyeinek, \u00e9s felszerelheti k\u00fcl\u00f6nleges b\u00fatorokkal \u00e9s dekor\u00e1ci\u00f3kkal, amelyek tov\u00e1bbi lehet\u0151s\u00e9geket biztos\u00edtanak a h\u00e1z j\u00f3 kihaszn\u00e1l\u00e1s\u00e1ra. Ennek k\u00f6sz\u00f6nhet\u0151en az \u00d6n&nbsp;<strong>kertes h\u00e1z<\/strong>&nbsp;olyan helly\u00e9 v\u00e1ljon, ahol kikapcsol\u00f3dhat \u00e9s id\u0151t t\u00f6lthet a csal\u00e1dj\u00e1val \u00e9s bar\u00e1taival. V\u00e1s\u00e1rolja meg most k\u00fcl\u00f6nleges kerti h\u00e1zainkat 50% kedvezm\u00e9nnyel!  F\u00e1b\u00f3l k\u00e9sz\u00fclt profilokat is k\u00edn\u00e1lunk<a href=\"https:\/\/tatranskyprofil.sk\/\" target=\"_blank\" rel=\"noreferrer noopener\">&nbsp;l\u00e1sd itt<\/a><\/p>","protected":false},"excerpt":{"rendered":"<p>Ha kerti kertj\u00e9t szeretn\u00e9 feldobni, egy kerti f\u00e9szer nagyszer\u0171 megold\u00e1s lehet. Egy kerti h\u00e1z t\u00f6bb helyet biztos\u00edt a pihen\u00e9shez \u00e9s...<\/p>","protected":false},"author":4,"featured_media":11212,"comment_status":"open","ping_status":"open","sticky":false,"template":"","format":"standard","meta":[],"categories":[1],"tags":[],"_links":{"self":[{"href":"https:\/\/fahazak.lemonfa.hu\/hu\/wp-json\/wp\/v2\/posts\/11211"}],"collection":[{"href":"https:\/\/fahazak.lemonfa.hu\/hu\/wp-json\/wp\/v2\/posts"}],"about":[{"href":"https:\/\/fahazak.lemonfa.hu\/hu\/wp-json\/wp\/v2\/types\/post"}],"author":[{"embeddable":true,"href":"https:\/\/fahazak.lemonfa.hu\/hu\/wp-json\/wp\/v2\/users\/4"}],"replies":[{"embeddable":true,"href":"https:\/\/fahazak.lemonfa.hu\/hu\/wp-json\/wp\/v2\/comments?post=11211"}],"version-history":[{"count":2,"href":"https:\/\/fahazak.lemonfa.hu\/hu\/wp-json\/wp\/v2\/posts\/11211\/revisions"}],"predecessor-version":[{"id":12235,"href":"https:\/\/fahazak.lemonfa.hu\/hu\/wp-json\/wp\/v2\/posts\/11211\/revisions\/12235"}],"wp:featuredmedia":[{"embeddable":true,"href":"https:\/\/fahazak.lemonfa.hu\/hu\/wp-json\/wp\/v2\/media\/11212"}],"wp:attachment":[{"href":"https:\/\/fahazak.lemonfa.hu\/hu\/wp-json\/wp\/v2\/media?parent=11211"}],"wp:term":[{"taxonomy":"category","embeddable":true,"href":"https:\/\/fahazak.lemonfa.hu\/hu\/wp-json\/wp\/v2\/categories?post=11211"},{"taxonomy":"post_tag","embeddable":true,"href":"https:\/\/fahazak.lemonfa.hu\/hu\/wp-json\/wp\/v2\/tags?post=11211"}],"curies":[{"name":"wp","href":"https:\/\/api.w.org\/{rel}","templated":true}]}}