{"id":11214,"date":"2023-05-26T09:28:34","date_gmt":"2023-05-26T07:28:34","guid":{"rendered":"https:\/\/fahazak.lemonfa.hu\/?p=11214"},"modified":"2023-06-13T10:34:00","modified_gmt":"2023-06-13T08:34:00","slug":"drevene-altanky-do-vasej-zahrady","status":"publish","type":"post","link":"https:\/\/fahazak.lemonfa.hu\/hu\/drevene-altanky-do-vasej-zahrady\/","title":{"rendered":"F\u00e1b\u00f3l k\u00e9sz\u00fclt pavilonok a kertbe"},"content":{"rendered":"<p>A f\u00e1b\u00f3l k\u00e9sz\u00fclt pavilonok az egyik legjobb m\u00f3dja annak, hogy kisebb-nagyobb teret t\u00f6lts\u00f6n ki kertj\u00e9ben. Val\u00f3j\u00e1ban biztosan volt m\u00e1r olyan \u00e9rz\u00e9se, hogy egy meleg tavaszi vagy ny\u00e1ri napon ki akart menni a kertbe, hogy \u00e9lvezze a sz\u00e9p id\u0151t, de nem tal\u00e1lta a legjobb m\u00f3dj\u00e1t, hogy ezt megtehesse.&nbsp;<a href=\"https:\/\/fahazak.lemonfa.hu\/hu\/zahradne-altanky\/\">F\u00e1b\u00f3l k\u00e9sz\u00fclt pavilonok<\/a>&nbsp;gy\u00f6ny\u00f6r\u0171 \u00e9s tart\u00f3s befektet\u00e9s, amely sokf\u00e9lek\u00e9ppen haszn\u00e1lhat\u00f3 a kertben.<\/p>\n\n\n\n<p>A f\u00e1b\u00f3l k\u00e9sz\u00fclt pavilonok k\u00fcl\u00f6nb\u00f6z\u0151 form\u00e1j\u00faak lehetnek - nem kell, hogy csak klasszikus n\u00e9gyzet legyen, hanem t\u00e9glalap vagy soksz\u00f6g is. K\u00edn\u00e1latunkban 2in1 v\u00e1ltozatot is tal\u00e1l -&nbsp;<a href=\"https:\/\/fahazak.lemonfa.hu\/hu\/zahradne-chatky\/chatka-wikina\/\">kerti pavilon egy h\u00e1zik\u00f3val<\/a>amely t\u00f6k\u00e9letesen elrejti kerti b\u00fator\u00e1t, asztal\u00e1t vagy grills\u00fct\u0151j\u00e9t t\u00e9lire. Kertje lehet\u0151s\u00e9geit\u0151l \u00e9s ig\u00e9nyeit\u0151l f\u00fcgg\u0151en m\u00e9rlegelje, hogy milyen m\u00e9ret\u0171 pavilonra van sz\u00fcks\u00e9ge. Ha csal\u00e1di \u00f6sszej\u00f6vetelekre, grillez\u00e9sre vagy partikra szeretn\u00e9 haszn\u00e1lni, akkor a lehet\u0151 legnagyobb pavilont v\u00e1lassza. P\u00e9ld\u00e1ul \u00fcl\u0151fel\u00fcletet is elhelyezhet benne, ami minden \u00e9vszakban el\u0151ny\u00f6s, mivel megfelel\u0151en megv\u00e9di \u00d6nt a forr\u00f3 sugarakt\u00f3l \u00e9s a k\u00f6nny\u0171 es\u0151t\u0151l is. Ha azonban valahol a kert egyik sark\u00e1ban szeretn\u00e9 elhelyezni, hogy nyugodtan \u00e9s b\u00e9k\u00e9ben elm\u00e9lkedhessen egy j\u00f3 k\u00f6nyvr\u0151l, akkor kisebb - hangulatosabb m\u00e9retet \u00e9s kerek form\u00e1t, vagy 6 oldal\u00fat aj\u00e1nlunk.<\/p>\n\n\n\n<h2>Kerti pavilon min\u0151s\u00e9gi f\u00e1b\u00f3l k\u00e9sz\u00fclt<\/h2>\n\n\n\n<p>Az a nagyszer\u0171, hogy a pavilonjainkat alkot\u00f3 anyagok \u00e9s formatervek elegend\u0151 f\u00e9nyt \u00e9s leveg\u0151t engednek be, hogy \u00d6n a lehet\u0151 legk\u00e9nyelmesebben \u00e9rezze mag\u00e1t. Sz\u00e9les k\u00edn\u00e1latunknak k\u00f6sz\u00f6nhet\u0151en kiv\u00e1laszthatja azt, amelyik a legjobban illeszkedik h\u00e1z\u00e1hoz \u00e9s kertj\u00e9hez. V\u00e9g\u00fcl, de nem utols\u00f3 sorban l\u00e9nyeges, hogy mind a pavilonok, mind a tet\u0151 anyaga a legmagasabb min\u0151s\u00e9g\u0171 anyagb\u00f3l k\u00e9sz\u00fclj\u00f6n a hosszabb \u00e9lettartam \u00e9rdek\u00e9ben. A mi pavilonjainkat a hossz\u00fa, t\u00f6bb \u00e9vtizedes \u00e9lettartam jellemzi.&nbsp;<\/p>\n\n\n\n<p>Szeretne v\u00e1lasztani&nbsp;<a href=\"https:\/\/fahazak.lemonfa.hu\/hu\/zahradne-altanky\/\">f\u00e1b\u00f3l k\u00e9sz\u00fclt pavilon<\/a>? 2007 \u00f3ta t\u00f6bb mint 5000 kerti \u00e9p\u00edtm\u00e9nyt \u00e9p\u00edtett\u00fcnk Csehorsz\u00e1g \u00e9s Szlov\u00e1kia ter\u00fclet\u00e9n. Gondoskodunk a min\u0151s\u00e9gi faanyagr\u00f3l \u00e9s a szakszer\u0171 \u00f6sszeszerel\u00e9sr\u0151l.<\/p>","protected":false},"excerpt":{"rendered":"<p>A f\u00e1b\u00f3l k\u00e9sz\u00fclt pavilonok az egyik legjobb m\u00f3dja annak, hogy kisebb-nagyobb teret t\u00f6lts\u00f6n ki kertj\u00e9ben. Biztos vagyok benne, hogy m\u00e1r volt alkalma...<\/p>","protected":false},"author":4,"featured_media":11215,"comment_status":"open","ping_status":"open","sticky":false,"template":"","format":"standard","meta":[],"categories":[1],"tags":[],"_links":{"self":[{"href":"https:\/\/fahazak.lemonfa.hu\/hu\/wp-json\/wp\/v2\/posts\/11214"}],"collection":[{"href":"https:\/\/fahazak.lemonfa.hu\/hu\/wp-json\/wp\/v2\/posts"}],"about":[{"href":"https:\/\/fahazak.lemonfa.hu\/hu\/wp-json\/wp\/v2\/types\/post"}],"author":[{"embeddable":true,"href":"https:\/\/fahazak.lemonfa.hu\/hu\/wp-json\/wp\/v2\/users\/4"}],"replies":[{"embeddable":true,"href":"https:\/\/fahazak.lemonfa.hu\/hu\/wp-json\/wp\/v2\/comments?post=11214"}],"version-history":[{"count":3,"href":"https:\/\/fahazak.lemonfa.hu\/hu\/wp-json\/wp\/v2\/posts\/11214\/revisions"}],"predecessor-version":[{"id":12289,"href":"https:\/\/fahazak.lemonfa.hu\/hu\/wp-json\/wp\/v2\/posts\/11214\/revisions\/12289"}],"wp:featuredmedia":[{"embeddable":true,"href":"https:\/\/fahazak.lemonfa.hu\/hu\/wp-json\/wp\/v2\/media\/11215"}],"wp:attachment":[{"href":"https:\/\/fahazak.lemonfa.hu\/hu\/wp-json\/wp\/v2\/media?parent=11214"}],"wp:term":[{"taxonomy":"category","embeddable":true,"href":"https:\/\/fahazak.lemonfa.hu\/hu\/wp-json\/wp\/v2\/categories?post=11214"},{"taxonomy":"post_tag","embeddable":true,"href":"https:\/\/fahazak.lemonfa.hu\/hu\/wp-json\/wp\/v2\/tags?post=11214"}],"curies":[{"name":"wp","href":"https:\/\/api.w.org\/{rel}","templated":true}]}}